{"id":2412,"date":"2021-12-16T12:00:00","date_gmt":"2021-12-16T12:00:00","guid":{"rendered":"https:\/\/www.rosarioduarte.pt\/estatuto-profissionais-cultura\/"},"modified":"2026-03-30T19:52:10","modified_gmt":"2026-03-30T19:52:10","slug":"estatuto-profissionais-cultura","status":"publish","type":"post","link":"https:\/\/www.rosarioduarte.pt\/fr\/estatuto-profissionais-cultura\/","title":{"rendered":"Statut des professionnels de la culture"},"content":{"rendered":"\n<p><\/p>\n\n\n\n<p>Le 11 novembre, le <strong>Statut des professionnels de la culture<\/strong> a \u00e9t\u00e9 approuv\u00e9 par le d\u00e9cret\u2011loi n\u00b0 115\/2021, \u00e9tablissant pour la premi\u00e8re fois un r\u00e9gime complet visant \u00e0 cr\u00e9er de bonnes conditions de travail pour les professionnels du secteur.\u200b<\/p>\n\n\n\n<p><\/p>\n\n\n\n<p>Le Statut reconna\u00eet la n\u00e9cessit\u00e9 d\u2019un cadre juridique autonome pour le secteur de la culture, compte tenu de ses sp\u00e9cificit\u00e9s. Il s\u2019agit d\u2019un secteur caract\u00e9ris\u00e9 par l\u2019intermittence, la saisonnalit\u00e9, le manque de stabilit\u00e9 et une multiplicit\u00e9 de relations juridiques qui s\u2019\u00e9cartent souvent du mod\u00e8le standard des relations de travail. Le Statut entend r\u00e9pondre \u00e0 ces besoins.\u200b<\/p>\n\n\n\n<p><\/p>\n\n\n\n<p>Il vise \u00e0 la fois \u00e0 r\u00e9glementer l\u2019activit\u00e9 professionnelle et \u00e0 mettre en place un r\u00e9gime de protection sociale couvrant les professionnels dans toutes les \u00e9ventualit\u00e9s. <\/p>\n\n\n\n<p>Il s\u2019articule autour de trois th\u00e8mes principaux :<br><\/p>\n\n\n\n<ul class=\"wp-block-list\">\n<li>le Registre des professionnels du secteur de la culture (RPAC)<\/li>\n\n\n\n<li>le r\u00e9gime du contrat de travail et de prestation de services<\/li>\n\n\n\n<li>le r\u00e9gime de protection sociale.\u200b<\/li>\n<\/ul>\n\n\n\n<p><\/p>\n\n\n\n<h3 class=\"wp-block-heading\"><strong>Registre des professionnels du secteur de la culture (RPAC)<\/strong><br><\/h3>\n\n\n\n<p><\/p>\n\n\n\n<p>Le Statut cr\u00e9e le <a href=\"https:\/\/rpac.pt\/\" target=\"_blank\" rel=\"noopener\">RPAC<\/a>, dont l\u2019inscription est facultative mais indispensable pour acc\u00e9der au r\u00e9gime contributif sp\u00e9cial. Cet enregistrement permet l\u2019identification individuelle et la production de statistiques utiles \u00e0 l\u2019\u00e9laboration des politiques publiques et des aides. L\u2019inscription est effectu\u00e9e aupr\u00e8s de l\u2019Inspection g\u00e9n\u00e9rale des activit\u00e9s culturelles (<a href=\"https:\/\/www.igac.gov.pt\/\" target=\"_blank\" rel=\"noopener\">IGAC<\/a>).\u200b<\/p>\n\n\n\n<p><\/p>\n\n\n\n<h3 class=\"wp-block-heading\"><strong>R\u00e9gime du contrat de travail et de prestation de services<\/strong><\/h3>\n\n\n\n<p><\/p>\n\n\n\n<p><br>L\u2019une des innovations du Statut est d\u2019inclure les travailleurs sous contrat de prestation de services, en leur accordant des droits sp\u00e9cifiques concernant les d\u00e9lais de paiement et l\u2019annulation de spectacles. Pour les contrats de travail, il fixe des r\u00e8gles particuli\u00e8res relatives au lieu de travail (y compris les lieux de r\u00e9p\u00e9tition) et aux horaires, en tenant compte de la nature sp\u00e9cifique des activit\u00e9s.\u200b<\/p>\n\n\n\n<p><\/p>\n\n\n\n<h3 class=\"wp-block-heading\"><strong>R\u00e9gime de protection sociale<\/strong><br><\/h3>\n\n\n\n<p><\/p>\n\n\n\n<p>Le Statut pr\u00e9voit une protection sociale, dans le cadre du syst\u00e8me de s\u00e9curit\u00e9 sociale, en cas de maladie, parentalit\u00e9, ch\u00f4mage, invalidit\u00e9 et vieillesse. Une nouveaut\u00e9 importante est la cr\u00e9ation d\u2019une allocation pour suspension de l\u2019activit\u00e9 culturelle, applicable aux contrats de tr\u00e8s courte dur\u00e9e et aux travailleurs ind\u00e9pendants, sans qu\u2019ils aient \u00e0 cesser leur activit\u00e9 aupr\u00e8s des services fiscaux et de s\u00e9curit\u00e9 sociale.<\/p>\n\n\n\n<p>&nbsp;<\/p>\n\n\n\n<p><\/p>\n\n\n\n<p>Marta Vera-Cruz | <a href=\"mailto:info@rosarioduarte.pt\">info@rosarioduarte.pt<\/a><br>\u00a0<br><a class=\"btn gray\" href=\"http:\/\/eepurl.com\/gyHAu1\" target=\"_blank\" rel=\"noopener\">Inscrivez-vous \u00e0 notre Newsletter<\/a><br>\u00a0<\/p>\n\n\n\n<h5 class=\"wp-block-heading\">Contactez-nous <a href=\"https:\/\/www.rosarioduarte.pt\/fr\/contacts\/\">ici<\/a> et planifiez votre r\u00e9union.<\/h5>\n","protected":false},"excerpt":{"rendered":"<p>Le 11 novembre, le Statut des professionnels de la culture a \u00e9t\u00e9 approuv\u00e9 par le [&hellip;]<\/p>\n","protected":false},"author":5,"featured_media":0,"comment_status":"closed","ping_status":"closed","sticky":false,"template":"","format":"standard","meta":{"_acf_changed":false,"footnotes":""},"categories":[5],"tags":[],"class_list":["post-2412","post","type-post","status-publish","format-standard","hentry","category-non-classifiee"],"acf":[],"_links":{"self":[{"href":"https:\/\/www.rosarioduarte.pt\/fr\/wp-json\/wp\/v2\/posts\/2412","targetHints":{"allow":["GET"]}}],"collection":[{"href":"https:\/\/www.rosarioduarte.pt\/fr\/wp-json\/wp\/v2\/posts"}],"about":[{"href":"https:\/\/www.rosarioduarte.pt\/fr\/wp-json\/wp\/v2\/types\/post"}],"author":[{"embeddable":true,"href":"https:\/\/www.rosarioduarte.pt\/fr\/wp-json\/wp\/v2\/users\/5"}],"replies":[{"embeddable":true,"href":"https:\/\/www.rosarioduarte.pt\/fr\/wp-json\/wp\/v2\/comments?post=2412"}],"version-history":[{"count":2,"href":"https:\/\/www.rosarioduarte.pt\/fr\/wp-json\/wp\/v2\/posts\/2412\/revisions"}],"predecessor-version":[{"id":2427,"href":"https:\/\/www.rosarioduarte.pt\/fr\/wp-json\/wp\/v2\/posts\/2412\/revisions\/2427"}],"wp:attachment":[{"href":"https:\/\/www.rosarioduarte.pt\/fr\/wp-json\/wp\/v2\/media?parent=2412"}],"wp:term":[{"taxonomy":"category","embeddable":true,"href":"https:\/\/www.rosarioduarte.pt\/fr\/wp-json\/wp\/v2\/categories?post=2412"},{"taxonomy":"post_tag","embeddable":true,"href":"https:\/\/www.rosarioduarte.pt\/fr\/wp-json\/wp\/v2\/tags?post=2412"}],"curies":[{"name":"wp","href":"https:\/\/api.w.org\/{rel}","templated":true}]}}